{"id":3500,"date":"2026-09-02T21:27:12","date_gmt":"2026-09-02T19:27:12","guid":{"rendered":"https:\/\/flamersheim.euskirchen.de\/?p=3500"},"modified":"2026-09-02T21:32:12","modified_gmt":"2026-09-02T19:32:12","slug":"herzlich-willkommen","status":"publish","type":"post","link":"https:\/\/flamersheim.euskirchen.de\/?p=3500","title":{"rendered":"Herzlich Willkommen an unserer Grundschule!"},"content":{"rendered":"\n<p class=\"has-text-align-center\">Wir begr\u00fc\u00dfen ganz herzlich unsere neuen Erstkl\u00e4ssler und <\/p>\n\n\n\n<p class=\"has-text-align-center\">w\u00fcnschen allen Kindern einen guten Start an unserer Schule!<\/p>\n\n\n\n<figure class=\"wp-block-gallery has-nested-images columns-default is-cropped wp-block-gallery-1 is-layout-flex wp-block-gallery-is-layout-flex\">\n<figure class=\"wp-block-image size-large\"><img loading=\"lazy\" decoding=\"async\" width=\"1024\" height=\"1024\" data-id=\"3504\" src=\"https:\/\/flamersheim.euskirchen.de\/wp-content\/uploads\/2026\/09\/Igelpatch-2-pdf-1024x1024.jpg\" alt=\"\" class=\"wp-image-3504\"\/><\/figure>\n\n\n\n<figure class=\"wp-block-image size-large\"><img loading=\"lazy\" decoding=\"async\" width=\"1024\" height=\"1024\" data-id=\"3501\" src=\"https:\/\/flamersheim.euskirchen.de\/wp-content\/uploads\/2026\/09\/Button-1024x1024.png\" alt=\"\" class=\"wp-image-3501\" srcset=\"https:\/\/flamersheim.euskirchen.de\/wp-content\/uploads\/2026\/09\/Button-1024x1024.png 1024w, https:\/\/flamersheim.euskirchen.de\/wp-content\/uploads\/2026\/09\/Button-300x300.png 300w, https:\/\/flamersheim.euskirchen.de\/wp-content\/uploads\/2026\/09\/Button-150x150.png 150w, https:\/\/flamersheim.euskirchen.de\/wp-content\/uploads\/2026\/09\/Button-768x768.png 768w, https:\/\/flamersheim.euskirchen.de\/wp-content\/uploads\/2026\/09\/Button.png 1254w\" sizes=\"(max-width: 1024px) 100vw, 1024px\" \/><\/figure>\n<\/figure>\n","protected":false},"excerpt":{"rendered":"<p>Wir begr\u00fc\u00dfen ganz herzlich unsere neuen Erstkl\u00e4ssler und w\u00fcnschen allen Kindern einen guten Start an unserer Schule!<\/p>\n","protected":false},"author":9,"featured_media":0,"comment_status":"closed","ping_status":"closed","sticky":false,"template":"","format":"standard","meta":{"footnotes":""},"categories":[1],"tags":[],"_links":{"self":[{"href":"https:\/\/flamersheim.euskirchen.de\/index.php?rest_route=\/wp\/v2\/posts\/3500"}],"collection":[{"href":"https:\/\/flamersheim.euskirchen.de\/index.php?rest_route=\/wp\/v2\/posts"}],"about":[{"href":"https:\/\/flamersheim.euskirchen.de\/index.php?rest_route=\/wp\/v2\/types\/post"}],"author":[{"embeddable":true,"href":"https:\/\/flamersheim.euskirchen.de\/index.php?rest_route=\/wp\/v2\/users\/9"}],"replies":[{"embeddable":true,"href":"https:\/\/flamersheim.euskirchen.de\/index.php?rest_route=%2Fwp%2Fv2%2Fcomments&post=3500"}],"version-history":[{"count":4,"href":"https:\/\/flamersheim.euskirchen.de\/index.php?rest_route=\/wp\/v2\/posts\/3500\/revisions"}],"predecessor-version":[{"id":3510,"href":"https:\/\/flamersheim.euskirchen.de\/index.php?rest_route=\/wp\/v2\/posts\/3500\/revisions\/3510"}],"wp:attachment":[{"href":"https:\/\/flamersheim.euskirchen.de\/index.php?rest_route=%2Fwp%2Fv2%2Fmedia&parent=3500"}],"wp:term":[{"taxonomy":"category","embeddable":true,"href":"https:\/\/flamersheim.euskirchen.de\/index.php?rest_route=%2Fwp%2Fv2%2Fcategories&post=3500"},{"taxonomy":"post_tag","embeddable":true,"href":"https:\/\/flamersheim.euskirchen.de\/index.php?rest_route=%2Fwp%2Fv2%2Ftags&post=3500"}],"curies":[{"name":"wp","href":"https:\/\/api.w.org\/{rel}","templated":true}]}}